{"id":6876,"date":"2026-03-12T09:52:49","date_gmt":"2026-03-12T09:52:49","guid":{"rendered":"https:\/\/siokorhaz.hu\/?p=6876"},"modified":"2026-03-12T09:52:50","modified_gmt":"2026-03-12T09:52:50","slug":"igazgatosagi-referens","status":"publish","type":"post","link":"https:\/\/siokorhaz.hu\/?p=6876","title":{"rendered":"IGAZGAT\u00d3S\u00c1GI REFERENS"},"content":{"rendered":"\n<p><strong>Si\u00f3foki K\u00f3rh\u00e1z- Rendel\u0151int\u00e9zet p\u00e1ly\u00e1zatot hirdet<br><br><\/strong><\/p>\n\n\n\n<p><strong>IGAZGAT\u00d3S\u00c1GI REFERENS<\/strong><\/p>\n\n\n\n<p>Munkak\u00f6r bet\u00f6lt\u00e9s\u00e9re<\/p>\n\n\n\n<p><strong>Az eg\u00e9szs\u00e9g\u00fcgyi szolg\u00e1lati jogviszony id\u0151tartama:<\/strong><\/p>\n\n\n\n<p>Hat\u00e1rozatlan<\/p>\n\n\n\n<p><strong>Foglalkoztat\u00e1s jellege:<\/strong><\/p>\n\n\n\n<p>Teljes munkaid\u0151<\/p>\n\n\n\n<p><strong>A munkav\u00e9gz\u00e9s helye:<\/strong><\/p>\n\n\n\n<p>Somogy v\u00e1rmegye,<\/p>\n\n\n\n<p>8600 Si\u00f3fok, Semmelweis utca 1.<\/p>\n\n\n\n<p><strong>A munkak\u00f6rbe tartoz\u00f3 l\u00e9nyeges feladatok:<\/strong><\/p>\n\n\n\n<p>A k\u00f3rh\u00e1z m\u0171k\u00f6d\u00e9si folyamatainak biztos\u00edt\u00e1sa \u00e9s t\u00e1mogat\u00e1sa a hat\u00e1lyos jogszab\u00e1lyi el\u0151\u00edr\u00e1sok alapj\u00e1n. Az int\u00e9zm\u00e9ny min\u0151s\u00e9gir\u00e1ny\u00edt\u00e1si tev\u00e9kenys\u00e9g\u00e9nek folyamatos koordin\u00e1l\u00e1sa, fel\u00fcgyelete \u00e9s fejleszt\u00e9se. Az int\u00e9zm\u00e9ny m\u0171k\u00f6d\u00e9s\u00e9t meghat\u00e1roz\u00f3 folyamatok d\u00f6nt\u00e9s- el\u0151k\u00e9sz\u00edt\u00e9si feladatainak ell\u00e1t\u00e1sa. A klinikai kutat\u00e1si tev\u00e9kenys\u00e9gek koordin\u00e1l\u00e1sa.<\/p>\n\n\n\n<p>R\u00e9szletes feladatait munkak\u00f6ri le\u00edr\u00e1sa hat\u00e1rozza meg.<\/p>\n\n\n\n<p><strong>Illetm\u00e9ny \u00e9s juttat\u00e1sok:<\/strong><\/p>\n\n\n\n<p>Az illetm\u00e9ny meg\u00e1llap\u00edt\u00e1s\u00e1ra \u00e9s a juttat\u00e1sokra az eg\u00e9szs\u00e9g\u00fcgyi szolg\u00e1lati jogviszonyr\u00f3l sz\u00f3l\u00f3 2020. \u00e9vi C. t\u00f6rv\u00e9ny, valamint a 2012. \u00e9vi I. t\u00f6rv\u00e9ny a munka t\u00f6rv\u00e9nyk\u00f6nyv\u00e9r\u0151l rendelkez\u00e9sei az ir\u00e1nyad\u00f3k.<\/p>\n\n\n\n<p><strong>P\u00e1ly\u00e1zati felt\u00e9telek:<\/strong><\/p>\n\n\n\n<ul class=\"wp-block-list\">\n<li>K\u00f6zigazgat\u00e1s-szervez\u0151 k\u00e9pzetts\u00e9g <em>vagy <\/em>fels\u0151fok\u00fa v\u00e9gzetts\u00e9g (orvos, gy\u00f3gyszer\u00e9szeti, eg\u00e9szs\u00e9gtudom\u00e1nyi vagy jogi szakter\u00fcletr\u0151l)<\/li>\n\n\n\n<li>Eg\u00e9szs\u00e9g\u00fcgyi alkalmass\u00e1g.<\/li>\n\n\n\n<li>Magyar nyelvtud\u00e1s, b\u00fcntetlen el\u0151\u00e9let, cselekv\u0151k\u00e9pess\u00e9g.<\/li>\n\n\n\n<li>Felhaszn\u00e1l\u00f3i szint\u0171 MS Office (irodai alkalmaz\u00e1sok) ismeret.<\/li>\n<\/ul>\n\n\n\n<p><strong>El\u0151ny:<\/strong><\/p>\n\n\n\n<ul class=\"wp-block-list\">\n<li>Min\u0151s\u00e9gir\u00e1ny\u00edt\u00e1si ter\u00fcleten szerzett tapasztalat.<\/li>\n\n\n\n<li>Eg\u00e9szs\u00e9g\u00fcgyi vagy eg\u00e9szs\u00e9g\u00fcgyh\u00f6z kapcsol\u00f3d\u00f3 ter\u00fcleten szerzett kor\u00e1bbi munkatapasztalat.<\/li>\n\n\n\n<li>K\u00f6z\u00e9pvezet\u0151i tapasztalat.<\/li>\n\n\n\n<li>Rendszerszeml\u00e9let, hat\u00e1rozott fell\u00e9p\u00e9s, fejleszt\u0151i attit\u0171d.<\/li>\n<\/ul>\n\n\n\n<p><strong>Elv\u00e1rt kompetenci\u00e1k:<\/strong><\/p>\n\n\n\n<ul class=\"wp-block-list\">\n<li>3-5 \u00e9v relev\u00e1ns szakmai tapasztalat.<\/li>\n\n\n\n<li>Kiv\u00e1l\u00f3 kommunik\u00e1ci\u00f3s k\u00e9szs\u00e9g.<\/li>\n\n\n\n<li>Csapatmunk\u00e1ra val\u00f3 alkalmass\u00e1g.<\/li>\n\n\n\n<li>Pontos, prec\u00edz, \u00f6n\u00e1ll\u00f3, magas sz\u00ednvonal\u00fa, felel\u0151ss\u00e9gteljes munkav\u00e9gz\u00e9s.<\/li>\n\n\n\n<li>Rugalmass\u00e1g.<\/li>\n\n\n\n<li>Megb\u00edzhat\u00f3s\u00e1g.<\/li>\n\n\n\n<li>J\u00f3 munkab\u00edr\u00e1s.<\/li>\n<\/ul>\n\n\n\n<p><strong>A p\u00e1ly\u00e1zat r\u00e9szek\u00e9nt beny\u00fajtand\u00f3 iratok, igazol\u00e1sok:<\/strong><\/p>\n\n\n\n<ul class=\"wp-block-list\">\n<li>V\u00e9gzetts\u00e9get\/k\u00e9pzetts\u00e9get igazol\u00f3 okiratok m\u00e1solatai, \u00e9rv\u00e9nyes m\u0171k\u00f6d\u00e9si nyilv\u00e1ntart\u00e1s m\u00e1solata (orvos- eg\u00e9szs\u00e9g\u00fcgyi szakter\u00fclet eset\u00e9n), szakmai \u00f6n\u00e9letrajz, 3 h\u00f3napn\u00e1l nem r\u00e9gebbi hat\u00f3s\u00e1gi bizony\u00edtv\u00e1ny (speci\u00e1lis) a b\u00fcntetlen el\u0151\u00e9letr\u0151l (erk\u00f6lcsi bizony\u00edtv\u00e1ny), beleegyez\u0151 nyilatkozat, hogy a p\u00e1ly\u00e1zat elb\u00edr\u00e1l\u00e1s\u00e1ban r\u00e9sztvev\u0151k a teljes p\u00e1ly\u00e1zati anyagot kezelj\u00e9k, tov\u00e1bb\u00e1 a p\u00e1ly\u00e1zat elb\u00edr\u00e1l\u00e1s\u00e1ban r\u00e9sztvev\u0151k megismerj\u00e9k.<\/li>\n<\/ul>\n\n\n\n<p><strong>A munkak\u00f6r bet\u00f6lthet\u0151s\u00e9g\u00e9nek id\u0151pontja:<\/strong><\/p>\n\n\n\n<p>A munkak\u00f6r legkor\u00e1bban a p\u00e1ly\u00e1zatok elb\u00edr\u00e1l\u00e1s\u00e1t k\u00f6vet\u0151en azonnal bet\u00f6lthet\u0151.<\/p>\n\n\n\n<p><strong>A p\u00e1ly\u00e1zat beny\u00fajt\u00e1s\u00e1nak hat\u00e1rideje:<\/strong>&nbsp;2026. m\u00e1rcius 25.<\/p>\n\n\n\n<p>A p\u00e1ly\u00e1zati ki\u00edr\u00e1ssal kapcsolatosan tov\u00e1bbi inform\u00e1ci\u00f3t Dr. Nagy \u00c1kos Gy\u00f6rgy megb\u00edzott f\u0151igazgat\u00f3 ny\u00fajt, a +36- 84\/501-710-es telefonsz\u00e1mon.<\/p>\n\n\n\n<p><strong>A p\u00e1ly\u00e1zatok beny\u00fajt\u00e1s\u00e1nak m\u00f3dja:<\/strong><\/p>\n\n\n\n<ul class=\"wp-block-list\">\n<li>Elektronikus \u00faton a foig@siokorhaz.hu e-mail c\u00edmre.<\/li>\n<\/ul>\n\n\n\n<p><strong>A p\u00e1ly\u00e1zat elb\u00edr\u00e1l\u00e1s\u00e1nak m\u00f3dja, rendje:<\/strong><\/p>\n\n\n\n<p>A p\u00e1ly\u00e1zatokat b\u00edr\u00e1l\u00f3bizotts\u00e1g tekinti \u00e1t, a kiv\u00e1lasztottak szem\u00e9lyes meghallgat\u00e1son vesznek r\u00e9szt.<\/p>\n\n\n\n<p><strong>A p\u00e1ly\u00e1zat elb\u00edr\u00e1l\u00e1s\u00e1nak hat\u00e1rideje:<\/strong>&nbsp;A p\u00e1ly\u00e1zat be\u00e9rkez\u00e9s\u00e9t\u0151l sz\u00e1m\u00edtott egy h\u00e9ten bel\u00fcl.<\/p>\n\n\n\n<p><strong>A munk\u00e1ltat\u00f3val kapcsolatos egy\u00e9b l\u00e9nyeges inform\u00e1ci\u00f3:<\/strong><\/p>\n\n\n\n<p>MEGJEGYZ\u00c9S: A szolg\u00e1lati jogviszony jellege: hat\u00e1rozatlan idej\u0171 eg\u00e9szs\u00e9g\u00fcgyi szolg\u00e1lati jogviszony. Az illetm\u00e9ny meg\u00e1llap\u00edt\u00e1s\u00e1ra \u00e9s a juttat\u00e1sokra az eg\u00e9szs\u00e9g\u00fcgyi szolg\u00e1lati jogviszonyr\u00f3l sz\u00f3l\u00f3 2020. \u00e9vi C. t\u00f6rv\u00e9ny rendelkez\u00e9sei az ir\u00e1nyad\u00f3k. A munkak\u00f6r hat\u00e1rozatlan idej\u0171 kinevez\u00e9ssel, 4 h\u00f3nap pr\u00f3baid\u0151 kik\u00f6t\u00e9s\u00e9vel az elb\u00edr\u00e1l\u00e1st k\u00f6vet\u0151en azonnal bet\u00f6lthet\u0151. A b\u00fcntetlen el\u0151\u00e9letr\u0151l a p\u00e1ly\u00e1zatban csak nyilatkozni kell, az err\u0151l sz\u00f3l\u00f3 erk\u00f6lcsi bizony\u00edtv\u00e1ny jogviszony l\u00e9tes\u00edt\u00e9se eset\u00e9n ny\u00fajtand\u00f3 be.<\/p>\n\n\n\n<p>K\u00f3rh\u00e1zunk a Balaton f\u0151v\u00e1ros\u00e1ban, a sokak sz\u00e1m\u00e1ra kedvelt \u00fcd\u00fcl\u0151helyen, Si\u00f3fok nyugati r\u00e9sz\u00e9n, kellemes parkos\u00edtott k\u00f6rnyezetben helyezkedik el. Az int\u00e9zm\u00e9ny a Balaton d\u00e9li partj\u00e1nak, Balatonvil\u00e1gost\u00f3l Fony\u00f3dig terjed\u0151 szakasz\u00e1n \u00e9s Somogy V\u00e1rmegye hozz\u00e1rendelt tov\u00e1bbi telep\u00fcl\u00e9s\u00e9n \u00e9l\u0151k, valamint a szabads\u00e1gukat itt t\u00f6lt\u0151 nyaral\u00f3k\/turist\u00e1k \u00e9s id\u00e9nyjelleg\u0171 munkav\u00e1llal\u00f3k eg\u00e9szs\u00e9g\u00fcgyi ell\u00e1t\u00e1s\u00e1t v\u00e9gzi.<\/p>\n","protected":false},"excerpt":{"rendered":"<p>Si\u00f3foki K\u00f3rh\u00e1z- Rendel\u0151int\u00e9zet p\u00e1ly\u00e1zatot hirdet IGAZGAT\u00d3S\u00c1GI REFERENS Munkak\u00f6r bet\u00f6lt\u00e9s\u00e9re Az eg\u00e9szs\u00e9g\u00fcgyi szolg\u00e1lati jogviszony id\u0151tartama: Hat\u00e1rozatlan Foglalkoztat\u00e1s jellege: Teljes munkaid\u0151 A munkav\u00e9gz\u00e9s helye: Somogy v\u00e1rmegye, 8600 Si\u00f3fok, Semmelweis utca 1. A munkak\u00f6rbe tartoz\u00f3 l\u00e9nyeges feladatok: A k\u00f3rh\u00e1z m\u0171k\u00f6d\u00e9si folyamatainak biztos\u00edt\u00e1sa \u00e9s t\u00e1mogat\u00e1sa a hat\u00e1lyos jogszab\u00e1lyi el\u0151\u00edr\u00e1sok alapj\u00e1n. Az int\u00e9zm\u00e9ny min\u0151s\u00e9gir\u00e1ny\u00edt\u00e1si tev\u00e9kenys\u00e9g\u00e9nek folyamatos koordin\u00e1l\u00e1sa, fel\u00fcgyelete \u00e9s fejleszt\u00e9se. [&hellip;]<\/p>\n","protected":false},"author":1,"featured_media":6877,"comment_status":"closed","ping_status":"open","sticky":false,"template":"","format":"standard","meta":{"_genesis_hide_title":false,"_genesis_hide_breadcrumbs":false,"_genesis_hide_singular_image":false,"_genesis_hide_footer_widgets":false,"_genesis_custom_body_class":"","_genesis_custom_post_class":"","_genesis_layout":"","footnotes":""},"categories":[10],"tags":[],"class_list":{"0":"post-6876","1":"post","2":"type-post","3":"status-publish","4":"format-standard","5":"has-post-thumbnail","7":"category-allasok","8":"entry"},"featured_image_src":"https:\/\/siokorhaz.hu\/wp-content\/uploads\/2026\/03\/istockphoto-1524913019-612x612-1-600x400.jpg","featured_image_src_square":"https:\/\/siokorhaz.hu\/wp-content\/uploads\/2026\/03\/istockphoto-1524913019-612x612-1-600x600.jpg","author_info":{"display_name":"root","author_link":"https:\/\/siokorhaz.hu\/?author=1"},"_links":{"self":[{"href":"https:\/\/siokorhaz.hu\/index.php?rest_route=\/wp\/v2\/posts\/6876","targetHints":{"allow":["GET"]}}],"collection":[{"href":"https:\/\/siokorhaz.hu\/index.php?rest_route=\/wp\/v2\/posts"}],"about":[{"href":"https:\/\/siokorhaz.hu\/index.php?rest_route=\/wp\/v2\/types\/post"}],"author":[{"embeddable":true,"href":"https:\/\/siokorhaz.hu\/index.php?rest_route=\/wp\/v2\/users\/1"}],"replies":[{"embeddable":true,"href":"https:\/\/siokorhaz.hu\/index.php?rest_route=%2Fwp%2Fv2%2Fcomments&post=6876"}],"version-history":[{"count":1,"href":"https:\/\/siokorhaz.hu\/index.php?rest_route=\/wp\/v2\/posts\/6876\/revisions"}],"predecessor-version":[{"id":6878,"href":"https:\/\/siokorhaz.hu\/index.php?rest_route=\/wp\/v2\/posts\/6876\/revisions\/6878"}],"wp:featuredmedia":[{"embeddable":true,"href":"https:\/\/siokorhaz.hu\/index.php?rest_route=\/wp\/v2\/media\/6877"}],"wp:attachment":[{"href":"https:\/\/siokorhaz.hu\/index.php?rest_route=%2Fwp%2Fv2%2Fmedia&parent=6876"}],"wp:term":[{"taxonomy":"category","embeddable":true,"href":"https:\/\/siokorhaz.hu\/index.php?rest_route=%2Fwp%2Fv2%2Fcategories&post=6876"},{"taxonomy":"post_tag","embeddable":true,"href":"https:\/\/siokorhaz.hu\/index.php?rest_route=%2Fwp%2Fv2%2Ftags&post=6876"}],"curies":[{"name":"wp","href":"https:\/\/api.w.org\/{rel}","templated":true}]}}