{"id":3042,"date":"2025-01-24T09:44:47","date_gmt":"2025-01-24T08:44:47","guid":{"rendered":"http:\/\/169.254.1.50\/?p=3042"},"modified":"2025-01-24T09:44:47","modified_gmt":"2025-01-24T08:44:47","slug":"betegtajekoztato-az-egynapos-szurkehalyog-mutetekrol","status":"publish","type":"post","link":"https:\/\/siokorhaz.hu\/?p=3042","title":{"rendered":"Betegt\u00e1j\u00e9koztat\u00f3 az egynapos sz\u00fcrkeh\u00e1lyog m\u0171t\u00e9tekr\u0151l"},"content":{"rendered":"\n<p><strong>A sz\u00fcrkeh\u00e1lyog seb\u00e9szetben a m\u0171t\u00e9ti technika fejl\u0151d\u00e9se lehet\u0151v\u00e9 tette, hogy a betegeknek csak 24 \u00f3r\u00e1t vagy ann\u00e1l kevesebbet kelljen a k\u00f3rh\u00e1zban t\u00f6lteni.<\/strong><\/p>\n\n\n\n<p><\/p>\n\n\n\n<p>Ett\u0151l f\u00fcggetlen\u00fcl a betegek ugyanolyan ell\u00e1t\u00e1sban r\u00e9szes\u00fclnek \u00e9s a m\u0171t\u00e9tet megel\u0151z\u0151 vizsg\u00e1latok is azonosak.<\/p>\n\n\n\n<p>A betegs\u00e9g diagnosztiz\u00e1l\u00e1sakor a p\u00e1ciens m\u0171t\u00e9ti id\u0151pontot kap, \u00e9s felker\u00fcl az orsz\u00e1gos v\u00e1r\u00f3list\u00e1ra, ami az interneten k\u00f6vethet\u0151. Ezen k\u00edv\u00fcl megbesz\u00e9lik a k\u00f6vetkez\u0151 kontroll id\u0151pontj\u00e1t, amikor is megkapja a beutal\u00f3kat a m\u0171t\u00e9tet megel\u0151z\u0151 kivizsg\u00e1l\u00e1sra, a laborba \u00e9s a belgy\u00f3gy\u00e1szatra.<\/p>\n\n\n\n<p>Amennyiben a beteg nem veszi \u00e1t a beutal\u00f3kat, \u00e9s nem is jelentkezik, automatikusan t\u00f6r\u00f6lj\u00fck a v\u00e1r\u00f3list\u00e1r\u00f3l.<\/p>\n\n\n\n<p>Ez\u00faton is k\u00e9rj\u00fck kedves betegeinket, amennyiben a m\u0171t\u00e9tet b\u00e1rmilyen okb\u00f3l nem az el\u0151jegyzett id\u0151pontban szeretn\u00e9k, min\u00e9l hamarabb jelezz\u00e9k oszt\u00e1lyunknak, megadva ezzel m\u00e1soknak a lehet\u0151s\u00e9get!<\/p>\n\n\n\n<p>A m\u0171t\u00e9tet el\u0151tt n\u00e9h\u00e1ny nappal m\u00e9g sz\u00fcks\u00e9g van egy \u00e1tfog\u00f3 szem\u00e9szeti vizsg\u00e1latra (lencsetervez\u00e9s, stb.), ami a szem\u00e9szeti oszt\u00e1lyon t\u00f6rt\u00e9nik \u00e9s n\u00e9h\u00e1ny \u00f3r\u00e1t vesz ig\u00e9nybe.<\/p>\n\n\n\n<p>Az oper\u00e1ci\u00f3 napj\u00e1n reggel 7 \u00f3rakor kell az oszt\u00e1lyon megjelenni, \u00e9s m\u00e1snap reggel a vizsg\u00e1latot k\u00f6vet\u0151en mehetnek haza. Helybelieknek lehet\u0151s\u00e9g van arra, hogy a m\u0171t\u00e9t napj\u00e1n d\u00e9lut\u00e1n otthonukba t\u00e1vozzanak.<\/p>\n\n\n\n<p>B\u00e1rmilyen felmer\u00fcl\u0151 k\u00e9rd\u00e9s eset\u00e9n \u00e1llunk a betegek rendelkez\u00e9s\u00e9re szem\u00e9lyesen vagy telefonon is (06-84\/ 501-740, 06-84\/ 501-739)<\/p>\n\n\n\n<p>Munkat\u00e1rsaimmal mindent megtesz\u00fcnk hogy az \u00e1t\u00e1ll\u00e1s z\u00f6kken\u0151mentes legyen, \u00e9s tov\u00e1bbra is az \u00d6n\u00f6k megel\u00e9ged\u00e9s\u00e9re v\u00e9gezz\u00fck a munk\u00e1nkat.<\/p>\n\n\n\n<p>Dr. Vida Be\u00e1ta<br>oszt\u00e1lyvezet\u0151 f\u0151orvos<\/p>\n","protected":false},"excerpt":{"rendered":"<p>A sz\u00fcrkeh\u00e1lyog seb\u00e9szetben a m\u0171t\u00e9ti technika fejl\u0151d\u00e9se lehet\u0151v\u00e9 tette, hogy a betegeknek csak 24 \u00f3r\u00e1t vagy ann\u00e1l kevesebbet kelljen a k\u00f3rh\u00e1zban t\u00f6lteni. Ett\u0151l f\u00fcggetlen\u00fcl a betegek ugyanolyan ell\u00e1t\u00e1sban r\u00e9szes\u00fclnek \u00e9s a m\u0171t\u00e9tet megel\u0151z\u0151 vizsg\u00e1latok is azonosak. A betegs\u00e9g diagnosztiz\u00e1l\u00e1sakor a p\u00e1ciens m\u0171t\u00e9ti id\u0151pontot kap, \u00e9s felker\u00fcl az orsz\u00e1gos v\u00e1r\u00f3list\u00e1ra, ami az interneten k\u00f6vethet\u0151. Ezen k\u00edv\u00fcl [&hellip;]<\/p>\n","protected":false},"author":1,"featured_media":3049,"comment_status":"closed","ping_status":"closed","sticky":false,"template":"","format":"standard","meta":{"_genesis_hide_title":false,"_genesis_hide_breadcrumbs":false,"_genesis_hide_singular_image":false,"_genesis_hide_footer_widgets":false,"_genesis_custom_body_class":"","_genesis_custom_post_class":"","_genesis_layout":"","footnotes":""},"categories":[12],"tags":[],"class_list":{"0":"post-3042","1":"post","2":"type-post","3":"status-publish","4":"format-standard","5":"has-post-thumbnail","7":"category-informaciok","8":"entry"},"featured_image_src":"https:\/\/siokorhaz.hu\/wp-content\/uploads\/2025\/01\/wlrs1409303605-600x400.jpg","featured_image_src_square":"https:\/\/siokorhaz.hu\/wp-content\/uploads\/2025\/01\/wlrs1409303605-600x425.jpg","author_info":{"display_name":"root","author_link":"https:\/\/siokorhaz.hu\/?author=1"},"_links":{"self":[{"href":"https:\/\/siokorhaz.hu\/index.php?rest_route=\/wp\/v2\/posts\/3042","targetHints":{"allow":["GET"]}}],"collection":[{"href":"https:\/\/siokorhaz.hu\/index.php?rest_route=\/wp\/v2\/posts"}],"about":[{"href":"https:\/\/siokorhaz.hu\/index.php?rest_route=\/wp\/v2\/types\/post"}],"author":[{"embeddable":true,"href":"https:\/\/siokorhaz.hu\/index.php?rest_route=\/wp\/v2\/users\/1"}],"replies":[{"embeddable":true,"href":"https:\/\/siokorhaz.hu\/index.php?rest_route=%2Fwp%2Fv2%2Fcomments&post=3042"}],"version-history":[{"count":0,"href":"https:\/\/siokorhaz.hu\/index.php?rest_route=\/wp\/v2\/posts\/3042\/revisions"}],"wp:featuredmedia":[{"embeddable":true,"href":"https:\/\/siokorhaz.hu\/index.php?rest_route=\/wp\/v2\/media\/3049"}],"wp:attachment":[{"href":"https:\/\/siokorhaz.hu\/index.php?rest_route=%2Fwp%2Fv2%2Fmedia&parent=3042"}],"wp:term":[{"taxonomy":"category","embeddable":true,"href":"https:\/\/siokorhaz.hu\/index.php?rest_route=%2Fwp%2Fv2%2Fcategories&post=3042"},{"taxonomy":"post_tag","embeddable":true,"href":"https:\/\/siokorhaz.hu\/index.php?rest_route=%2Fwp%2Fv2%2Ftags&post=3042"}],"curies":[{"name":"wp","href":"https:\/\/api.w.org\/{rel}","templated":true}]}}