{"id":2969,"date":"2025-01-22T14:34:34","date_gmt":"2025-01-22T13:34:34","guid":{"rendered":"http:\/\/169.254.1.50\/?p=2969"},"modified":"2025-01-22T14:34:34","modified_gmt":"2025-01-22T13:34:34","slug":"felnott-intenziv-szakapolo","status":"publish","type":"post","link":"https:\/\/siokorhaz.hu\/?p=2969","title":{"rendered":"Feln\u0151tt intenz\u00edv szak\u00e1pol\u00f3"},"content":{"rendered":"\n<p>Si\u00f3foki K\u00f3rh\u00e1z- Rendel\u0151int\u00e9zet p\u00e1ly\u00e1zatot hirdet&nbsp;<strong>feln\u0151tt intenz\u00edv szak\u00e1pol\u00f3<\/strong>&nbsp;munkak\u00f6r bet\u00f6lt\u00e9s\u00e9re.<\/p>\n\n\n\n<p><strong>Az eg\u00e9szs\u00e9g\u00fcgyi szolg\u00e1lati jogviszony id\u0151tartama:<\/strong><br>Hat\u00e1rozatlan<br><br><strong>Foglalkoztat\u00e1s jellege:<\/strong><br>Teljes munkaid\u0151<br><strong>A munkav\u00e9gz\u00e9s helye:<\/strong><br>Somogy v\u00e1rmegye, 8600 Si\u00f3fok Semmelweis utca 1.<br><strong>A munkak\u00f6rbe tartoz\u00f3 l\u00e9nyeges feladatok:&nbsp;<\/strong><br>A fekv\u0151 betegek szakszer\u0171 \u00e1pol\u00e1sa, hat\u00e1sk\u00f6r\u00e9be tartoz\u00f3 vizsg\u00e1latok \u00e9s kezel\u00e9sek elv\u00e9gz\u00e9se. A<br>betegell\u00e1t\u00e1ssal kapcsolatos szervez\u00e9si tev\u00e9kenys\u00e9g elv\u00e9gz\u00e9se.&nbsp;R\u00e9szletes feladatait munkak\u00f6ri le\u00edr\u00e1sa hat\u00e1rozza meg.<br><strong>Illetm\u00e9ny \u00e9s juttat\u00e1sok:<\/strong><br>Az illetm\u00e9ny meg\u00e1llap\u00edt\u00e1s\u00e1ra \u00e9s a juttat\u00e1sokra az eg\u00e9szs\u00e9g\u00fcgyi szolg\u00e1lati jogviszonyr\u00f3l sz\u00f3l\u00f3 2020. \u00e9vi C. t\u00f6rv\u00e9ny rendelkez\u00e9sei az ir\u00e1nyad\u00f3k.<br><br><strong>P\u00e1ly\u00e1zati felt\u00e9telek:<\/strong><br>\uf095&nbsp;&nbsp; &nbsp;Intenz\u00edv betegell\u00e1t\u00f3 szak\u00e1pol\u00f3\/intenz\u00edv ter\u00e1pi\u00e1s \u00e1pol\u00f3\/feln\u0151tt intenz\u00edv szak\u00e1pol\u00f3 k\u00e9pzetts\u00e9g<br>\uf095&nbsp;&nbsp; &nbsp;P\u00e1lyakezd\u0151k is jelentkezhetnek &#8211; 1 \u00e9v alatti szakmai tapasztalat,<br>\uf095&nbsp;&nbsp; &nbsp;Felhaszn\u00e1l\u00f3i szint\u0171 MS Office (irodai alkalmaz\u00e1sok),<br>\uf095&nbsp;&nbsp; Magyar nyelvtud\u00e1s, b\u00fcntetlen el\u0151\u00e9let, cselekv\u0151k\u00e9pess\u00e9g, eg\u00e9szs\u00e9g\u00fcgyi alkalmass\u00e1g (449\/2021. (VII.29.) Korm. rendelet a koronav\u00edrus elleni v\u00e9d\u0151olt\u00e1s k\u00f6telez\u0151 ig\u00e9nybev\u00e9tel\u00e9r\u0151l)<br><strong>Elv\u00e1rt kompetenci\u00e1k:<\/strong><br>\uf095&nbsp;&nbsp;&nbsp;&nbsp;Pontos prec\u00edz, \u00f6n\u00e1ll\u00f3, magas min\u0151s\u00e9g\u0171 munkav\u00e9gz\u00e9s, megb\u00edzhat\u00f3s\u00e1g, j\u00f3 munkab\u00edr\u00e1s<br><strong>A p\u00e1ly\u00e1zat r\u00e9szek\u00e9nt beny\u00fajtand\u00f3 iratok, igazol\u00e1sok:<\/strong><br>\uf095&nbsp;&nbsp;V\u00e9gzetts\u00e9get igazol\u00f3 okiratok m\u00e1solatai, valamint p\u00e1lyakezd\u0151k kiv\u00e9tel\u00e9vel \u00e9rv\u00e9nyes m\u0171k\u00f6d\u00e9si nyilv\u00e1ntart\u00e1si k\u00e1rtya m\u00e1solata, szakmai \u00f6n\u00e9letrajz, 3 h\u00f3napn\u00e1l nem r\u00e9gebbi hat\u00f3s\u00e1gi bizony\u00edtv\u00e1ny a b\u00fcntetlen el\u0151\u00e9letr\u0151l (erk\u00f6lcsi bizony\u00edtv\u00e1ny), beleegyez\u0151 nyilatkozat, hogy a p\u00e1ly\u00e1zat elb\u00edr\u00e1l\u00e1s\u00e1ban r\u00e9sztvev\u0151k a teljes p\u00e1ly\u00e1zati anyagot megismerj\u00e9k \u00e9s a p\u00e1ly\u00e1zat elb\u00edr\u00e1l\u00e1s\u00e1hoz felhaszn\u00e1lj\u00e1k.<br><strong>A munkak\u00f6r bet\u00f6lthet\u0151s\u00e9g\u00e9nek id\u0151pontja:<\/strong><br>A munkak\u00f6r legkor\u00e1bban a p\u00e1ly\u00e1zatok elb\u00edr\u00e1l\u00e1s\u00e1t k\u00f6vet\u0151en azonnal bet\u00f6lthet\u0151.<br><strong>A p\u00e1ly\u00e1zat beny\u00fajt\u00e1s\u00e1nak hat\u00e1rideje:<\/strong>&nbsp;2023. m\u00e1rcius 24.<br>A p\u00e1ly\u00e1zati ki\u00edr\u00e1ssal kapcsolatosan tov\u00e1bbi inform\u00e1ci\u00f3t Kov\u00e1csn\u00e9 Moln\u00e1r Katalin \u00e1pol\u00e1si igazgat\u00f3 ny\u00fajt, a +36- 84\/501-700\/233 telefonsz\u00e1mon.<br><strong>A p\u00e1ly\u00e1zatok beny\u00fajt\u00e1s\u00e1nak m\u00f3dja:<\/strong><br>\uf095&nbsp;&nbsp;Elektronikus \u00faton az&nbsp;<a href=\"mailto:allas@siokorhaz.hu\">allas@siokorhaz.hu<\/a>&nbsp;e-mail c\u00edmre.<br><strong>A p\u00e1ly\u00e1zat elb\u00edr\u00e1l\u00e1s\u00e1nak m\u00f3dja, rendje:<\/strong><br>A p\u00e1ly\u00e1zatokat b\u00edr\u00e1l\u00f3bizotts\u00e1g b\u00edr\u00e1lja el, a kiv\u00e1lasztottakat szem\u00e9lyes konzult\u00e1ci\u00f3n hallgatjuk meg.&nbsp;<br><strong>A p\u00e1ly\u00e1zat elb\u00edr\u00e1l\u00e1s\u00e1nak hat\u00e1rideje:<\/strong>&nbsp;2023. m\u00e1rcius 31.<br><strong>A munk\u00e1ltat\u00f3val kapcsolatos egy\u00e9b l\u00e9nyeges inform\u00e1ci\u00f3:<\/strong><br>MEGJEGYZ\u00c9S: A szolg\u00e1lati jogviszony jellege: hat\u00e1rozatlan idej\u0171 eg\u00e9szs\u00e9g\u00fcgyi szolg\u00e1lati jogviszony. Az illetm\u00e9ny meg\u00e1llap\u00edt\u00e1s\u00e1ra \u00e9s a juttat\u00e1sokra az eg\u00e9szs\u00e9g\u00fcgyi szolg\u00e1lati jogviszonyr\u00f3l sz\u00f3l\u00f3 2020. \u00e9vi C. t\u00f6rv\u00e9ny rendelkez\u00e9sei az ir\u00e1nyad\u00f3k. Az \u00e1ll\u00e1sra p\u00e1lyakezd\u0151k is jelentkezhetnek! A munkak\u00f6r hat\u00e1rozatlan idej\u0171 kinevez\u00e9ssel, 4 h\u00f3nap pr\u00f3baid\u0151 kik\u00f6t\u00e9s\u00e9vel az elb\u00edr\u00e1l\u00e1st k\u00f6vet\u0151en azonnal bet\u00f6lthet\u0151.&nbsp;&nbsp;A b\u00fcntetlen el\u0151\u00e9letr\u0151l a p\u00e1ly\u00e1zatban csak nyilatkozni kell, az err\u0151l sz\u00f3l\u00f3 erk\u00f6lcsi bizony\u00edtv\u00e1nyt felv\u00e9tel eset\u00e9n kell beny\u00fajtani.<br><strong>A munk\u00e1ltat\u00f3val kapcsolatban tov\u00e1bbi inform\u00e1ci\u00f3t a www.siokorhaz.hu honlapon szerezhet.<\/strong><\/p>\n","protected":false},"excerpt":{"rendered":"<p>Si\u00f3foki K\u00f3rh\u00e1z- Rendel\u0151int\u00e9zet p\u00e1ly\u00e1zatot hirdet&nbsp;feln\u0151tt intenz\u00edv szak\u00e1pol\u00f3&nbsp;munkak\u00f6r bet\u00f6lt\u00e9s\u00e9re. Az eg\u00e9szs\u00e9g\u00fcgyi szolg\u00e1lati jogviszony id\u0151tartama:Hat\u00e1rozatlan Foglalkoztat\u00e1s jellege:Teljes munkaid\u0151A munkav\u00e9gz\u00e9s helye:Somogy v\u00e1rmegye, 8600 Si\u00f3fok Semmelweis utca 1.A munkak\u00f6rbe tartoz\u00f3 l\u00e9nyeges feladatok:&nbsp;A fekv\u0151 betegek szakszer\u0171 \u00e1pol\u00e1sa, hat\u00e1sk\u00f6r\u00e9be tartoz\u00f3 vizsg\u00e1latok \u00e9s kezel\u00e9sek elv\u00e9gz\u00e9se. Abetegell\u00e1t\u00e1ssal kapcsolatos szervez\u00e9si tev\u00e9kenys\u00e9g elv\u00e9gz\u00e9se.&nbsp;R\u00e9szletes feladatait munkak\u00f6ri le\u00edr\u00e1sa hat\u00e1rozza meg.Illetm\u00e9ny \u00e9s juttat\u00e1sok:Az illetm\u00e9ny meg\u00e1llap\u00edt\u00e1s\u00e1ra \u00e9s a juttat\u00e1sokra [&hellip;]<\/p>\n","protected":false},"author":1,"featured_media":2905,"comment_status":"open","ping_status":"open","sticky":false,"template":"","format":"standard","meta":{"_genesis_hide_title":false,"_genesis_hide_breadcrumbs":false,"_genesis_hide_singular_image":false,"_genesis_hide_footer_widgets":false,"_genesis_custom_body_class":"","_genesis_custom_post_class":"","_genesis_layout":"","footnotes":""},"categories":[10],"tags":[],"class_list":{"0":"post-2969","1":"post","2":"type-post","3":"status-publish","4":"format-standard","5":"has-post-thumbnail","7":"category-allasok","8":"entry"},"featured_image_src":"https:\/\/siokorhaz.hu\/wp-content\/uploads\/2025\/01\/nurse_G_1667283973-768x512-1-600x400.jpg","featured_image_src_square":"https:\/\/siokorhaz.hu\/wp-content\/uploads\/2025\/01\/nurse_G_1667283973-768x512-1-600x512.jpg","author_info":{"display_name":"root","author_link":"https:\/\/siokorhaz.hu\/?author=1"},"_links":{"self":[{"href":"https:\/\/siokorhaz.hu\/index.php?rest_route=\/wp\/v2\/posts\/2969","targetHints":{"allow":["GET"]}}],"collection":[{"href":"https:\/\/siokorhaz.hu\/index.php?rest_route=\/wp\/v2\/posts"}],"about":[{"href":"https:\/\/siokorhaz.hu\/index.php?rest_route=\/wp\/v2\/types\/post"}],"author":[{"embeddable":true,"href":"https:\/\/siokorhaz.hu\/index.php?rest_route=\/wp\/v2\/users\/1"}],"replies":[{"embeddable":true,"href":"https:\/\/siokorhaz.hu\/index.php?rest_route=%2Fwp%2Fv2%2Fcomments&post=2969"}],"version-history":[{"count":0,"href":"https:\/\/siokorhaz.hu\/index.php?rest_route=\/wp\/v2\/posts\/2969\/revisions"}],"wp:featuredmedia":[{"embeddable":true,"href":"https:\/\/siokorhaz.hu\/index.php?rest_route=\/wp\/v2\/media\/2905"}],"wp:attachment":[{"href":"https:\/\/siokorhaz.hu\/index.php?rest_route=%2Fwp%2Fv2%2Fmedia&parent=2969"}],"wp:term":[{"taxonomy":"category","embeddable":true,"href":"https:\/\/siokorhaz.hu\/index.php?rest_route=%2Fwp%2Fv2%2Fcategories&post=2969"},{"taxonomy":"post_tag","embeddable":true,"href":"https:\/\/siokorhaz.hu\/index.php?rest_route=%2Fwp%2Fv2%2Ftags&post=2969"}],"curies":[{"name":"wp","href":"https:\/\/api.w.org\/{rel}","templated":true}]}}