{"id":2963,"date":"2025-01-22T14:32:28","date_gmt":"2025-01-22T13:32:28","guid":{"rendered":"http:\/\/169.254.1.50\/?p=2963"},"modified":"2025-01-22T14:32:28","modified_gmt":"2025-01-22T13:32:28","slug":"csecsemo-es-gyermekgyogyasz-szakorvos-rezidens","status":"publish","type":"post","link":"https:\/\/siokorhaz.hu\/?p=2963","title":{"rendered":"Csecsem\u0151- \u00e9s gyermekgy\u00f3gy\u00e1sz szakorvos\/rezidens"},"content":{"rendered":"\n<p>A Si\u00f3foki K\u00f3rh\u00e1z-Rendel\u0151int\u00e9zet \u00e1ll\u00e1st hirdet Csecsem\u0151- \u00e9s gyermekgy\u00f3gy\u00e1sz szakorvos\/rezidens (Eg\u00e9szs\u00e9g\u00fcgyi szolg\u00e1lati jogviszony) munkak\u00f6r bet\u00f6lt\u00e9s\u00e9re.<br>Az eg\u00e9szs\u00e9g\u00fcgyi szolg\u00e1lati jogviszony id\u0151tartama:<br>Hat\u00e1rozatlan idej\u0171<\/p>\n\n\n\n<p>Foglalkoztat\u00e1s jellege:<br>Teljes munkaid\u0151<\/p>\n\n\n\n<p>A munkav\u00e9gz\u00e9s helye:<br>8600 Si\u00f3fok Semmelweis u. 1.<\/p>\n\n\n\n<p>A munkak\u00f6rbe tartoz\u00f3 l\u00e9nyeges feladatok:<br>A Csecsem\u0151- \u00e9s gyermekgy\u00f3gy\u00e1szati Oszt\u00e1lyon szakorvosi\/\u00e1ltal\u00e1nos orvosi feladatok ell\u00e1t\u00e1sa. A munkaszerz\u0151d\u00e9s hat\u00e1rozatlan id\u0151re sz\u00f3l, 4 h\u00f3napos pr\u00f3baid\u0151vel. R\u00e9szletes feladatait munkak\u00f6ri le\u00edr\u00e1sa hat\u00e1rozza meg.<\/p>\n\n\n\n<p>Illetm\u00e9ny \u00e9s juttat\u00e1sok:<br>Az illetm\u00e9ny meg\u00e1llap\u00edt\u00e1s\u00e1ra \u00e9s a juttat\u00e1sokra az eg\u00e9szs\u00e9g\u00fcgyi szolg\u00e1lati jogviszonyr\u00f3l sz\u00f3l\u00f3 2020. \u00e9vi C. t\u00f6rv\u00e9ny rendelkez\u00e9sei az ir\u00e1nyad\u00f3k.<\/p>\n\n\n\n<p>A p\u00e1ly\u00e1zati felt\u00e9telek:<br>Orvosi egyetem, szakorvos eset\u00e9n csecsem\u0151- \u00e9s gyermekgy\u00f3gy\u00e1szat szakvizsga<br>\u00c9rv\u00e9nyes eg\u00e9szs\u00e9g\u00fcgyi alkalmass\u00e1g<br>\u00c9rv\u00e9nyes m\u0171k\u00f6d\u00e9si nyilv\u00e1ntart\u00e1s<br>Magyar Orvosi Kamarai tags\u00e1g<br>B\u00fcntetlen el\u0151\u00e9let<\/p>\n\n\n\n<p>Elv\u00e1rt kompetenci\u00e1k:<br>Prec\u00edz, pontos \u00f6n\u00e1ll\u00f3, magas min\u0151s\u00e9g\u0171 munkav\u00e9gz\u00e9s, kiv\u00e1l\u00f3 kommunik\u00e1ci\u00f3s k\u00e9pess\u00e9g, megb\u00edzhat\u00f3s\u00e1g, j\u00f3 munkab\u00edr\u00e1s.<\/p>\n\n\n\n<p>A p\u00e1ly\u00e1zat r\u00e9szek\u00e9nt beny\u00fajtand\u00f3 iratok, igazol\u00e1sok:<br>V\u00e9gzetts\u00e9get, szakk\u00e9pzetts\u00e9get igazol\u00f3 okiratok hiteles m\u00e1solata<br>R\u00e9szletes szakmai \u00f6n\u00e9letrajz<br>Motiv\u00e1ci\u00f3s lev\u00e9l<br>Magyar Orvosi Kamara tags\u00e1gi igazol\u00e1sa<br>\u00c9rv\u00e9nyes m\u0171k\u00f6d\u00e9si nyilv\u00e1ntart\u00e1sr\u00f3l igazol\u00e1s<br>\u00c9rv\u00e9nyes hat\u00f3s\u00e1gi erk\u00f6lcsi bizony\u00edtv\u00e1ny<br>Koronav\u00edrus elleni v\u00e9d\u0151olt\u00e1s k\u00f6telez\u0151 ig\u00e9nybev\u00e9tel\u00e9r\u0151l sz\u00f3l\u00f3 igazol\u00e1s<br>Minden olyan okirat, amelyet a p\u00e1ly\u00e1z\u00f3 a p\u00e1ly\u00e1zat elb\u00edr\u00e1l\u00e1s szempontj\u00e1b\u00f3l fontosnak tart.<br>Hozz\u00e1j\u00e1rul\u00f3 nyilatkozat arr\u00f3l, hogy a p\u00e1ly\u00e1zati anyag\u00e1t a vonatkoz\u00f3 jogszab\u00e1lyok szerint az erre jogosult bizotts\u00e1g megismerheti \u00e9s kezelheti a p\u00e1ly\u00e1zattal \u00f6sszef\u00fcgg\u00e9sben.<\/p>\n\n\n\n<p>Amit biztos\u00edtunk:<br>Stabil munkahelyi h\u00e1tt\u00e9r<br>\u00d6sszetart\u00f3, j\u00f3 csapat<br>Sz\u00fcks\u00e9g eset\u00e9n lakhat\u00e1s biztos\u00edt\u00e1sa<\/p>\n\n\n\n<p>A munkak\u00f6r bet\u00f6lthet\u0151s\u00e9g\u00e9nek id\u0151pontja:<br>A munkak\u00f6r legkor\u00e1bban a p\u00e1ly\u00e1zatok elb\u00edr\u00e1l\u00e1s\u00e1t k\u00f6vet\u0151en azonnal bet\u00f6lthet\u0151.<br>A p\u00e1ly\u00e1zat beny\u00fajt\u00e1s\u00e1nak hat\u00e1rideje: 2022. m\u00e1jus 31.<br>A p\u00e1ly\u00e1zati ki\u00edr\u00e1ssal kapcsolatosan tov\u00e1bbi inform\u00e1ci\u00f3 Dr. Magyarosi Viola Igazgat\u00e1si Oszt\u00e1lyvezet\u0151t\u0151l k\u00e9rhet\u0151, a 84\/501-700\/271-es telefonsz\u00e1mon.<br>A p\u00e1ly\u00e1zat elb\u00edr\u00e1l\u00e1s\u00e1nak m\u00f3dja, rendje:<br>A munk\u00e1ltat\u00f3i jogk\u00f6r gyakorl\u00f3ja \u00e1ltal \u00f6sszeh\u00edvott bizotts\u00e1g el\u0151tti szem\u00e9lyes meghallgat\u00e1s.<\/p>\n\n\n\n<p>A p\u00e1ly\u00e1zatok beny\u00fajt\u00e1s\u00e1nak m\u00f3dja:<br>A jelentkez\u00e9st elektronikus \u00faton az Int\u00e9zm\u00e9ny Igazgat\u00e1si Oszt\u00e1lyvezet\u0151j\u00e9hez, Dr. Magyarosi Viol\u00e1hoz kell beny\u00fajtani a magyarosi@siokorhaz.hu e-mail c\u00edmre.<\/p>\n","protected":false},"excerpt":{"rendered":"<p>A Si\u00f3foki K\u00f3rh\u00e1z-Rendel\u0151int\u00e9zet \u00e1ll\u00e1st hirdet Csecsem\u0151- \u00e9s gyermekgy\u00f3gy\u00e1sz szakorvos\/rezidens (Eg\u00e9szs\u00e9g\u00fcgyi szolg\u00e1lati jogviszony) munkak\u00f6r bet\u00f6lt\u00e9s\u00e9re.Az eg\u00e9szs\u00e9g\u00fcgyi szolg\u00e1lati jogviszony id\u0151tartama:Hat\u00e1rozatlan idej\u0171 Foglalkoztat\u00e1s jellege:Teljes munkaid\u0151 A munkav\u00e9gz\u00e9s helye:8600 Si\u00f3fok Semmelweis u. 1. A munkak\u00f6rbe tartoz\u00f3 l\u00e9nyeges feladatok:A Csecsem\u0151- \u00e9s gyermekgy\u00f3gy\u00e1szati Oszt\u00e1lyon szakorvosi\/\u00e1ltal\u00e1nos orvosi feladatok ell\u00e1t\u00e1sa. A munkaszerz\u0151d\u00e9s hat\u00e1rozatlan id\u0151re sz\u00f3l, 4 h\u00f3napos pr\u00f3baid\u0151vel. R\u00e9szletes feladatait munkak\u00f6ri le\u00edr\u00e1sa hat\u00e1rozza [&hellip;]<\/p>\n","protected":false},"author":1,"featured_media":3073,"comment_status":"open","ping_status":"open","sticky":false,"template":"","format":"standard","meta":{"_genesis_hide_title":false,"_genesis_hide_breadcrumbs":false,"_genesis_hide_singular_image":false,"_genesis_hide_footer_widgets":false,"_genesis_custom_body_class":"","_genesis_custom_post_class":"","_genesis_layout":"","footnotes":""},"categories":[10],"tags":[],"class_list":{"0":"post-2963","1":"post","2":"type-post","3":"status-publish","4":"format-standard","5":"has-post-thumbnail","7":"category-allasok","8":"entry"},"featured_image_src":"https:\/\/siokorhaz.hu\/wp-content\/uploads\/2025\/01\/female-doctor-taking-notes-clipboard_23-2148880504-600x400.jpg","featured_image_src_square":"https:\/\/siokorhaz.hu\/wp-content\/uploads\/2025\/01\/female-doctor-taking-notes-clipboard_23-2148880504-600x416.jpg","author_info":{"display_name":"root","author_link":"https:\/\/siokorhaz.hu\/?author=1"},"_links":{"self":[{"href":"https:\/\/siokorhaz.hu\/index.php?rest_route=\/wp\/v2\/posts\/2963","targetHints":{"allow":["GET"]}}],"collection":[{"href":"https:\/\/siokorhaz.hu\/index.php?rest_route=\/wp\/v2\/posts"}],"about":[{"href":"https:\/\/siokorhaz.hu\/index.php?rest_route=\/wp\/v2\/types\/post"}],"author":[{"embeddable":true,"href":"https:\/\/siokorhaz.hu\/index.php?rest_route=\/wp\/v2\/users\/1"}],"replies":[{"embeddable":true,"href":"https:\/\/siokorhaz.hu\/index.php?rest_route=%2Fwp%2Fv2%2Fcomments&post=2963"}],"version-history":[{"count":0,"href":"https:\/\/siokorhaz.hu\/index.php?rest_route=\/wp\/v2\/posts\/2963\/revisions"}],"wp:featuredmedia":[{"embeddable":true,"href":"https:\/\/siokorhaz.hu\/index.php?rest_route=\/wp\/v2\/media\/3073"}],"wp:attachment":[{"href":"https:\/\/siokorhaz.hu\/index.php?rest_route=%2Fwp%2Fv2%2Fmedia&parent=2963"}],"wp:term":[{"taxonomy":"category","embeddable":true,"href":"https:\/\/siokorhaz.hu\/index.php?rest_route=%2Fwp%2Fv2%2Fcategories&post=2963"},{"taxonomy":"post_tag","embeddable":true,"href":"https:\/\/siokorhaz.hu\/index.php?rest_route=%2Fwp%2Fv2%2Ftags&post=2963"}],"curies":[{"name":"wp","href":"https:\/\/api.w.org\/{rel}","templated":true}]}}